{"id":1761,"date":"2017-07-05T15:08:13","date_gmt":"2017-07-05T15:08:13","guid":{"rendered":"http:\/\/informacristo.org\/site\/?p=1761"},"modified":"2017-09-13T16:34:18","modified_gmt":"2017-09-13T16:34:18","slug":"mostre-grafie-dellanima-novara-e-torino","status":"publish","type":"post","link":"https:\/\/informacristo.org\/ic-new\/mostre-grafie-dellanima-novara-e-torino\/","title":{"rendered":"Mostre Grafie dell\u2019Anima a Novara e Torino"},"content":{"rendered":"<p><em>Nei mesi di aprile e maggio sono state realizzate due mostre &#8220;Grafie dell&#8217;Anima&#8221; a Novara (per la seconda volta) e a Torino nel Chiostro di S.Bernardino.<\/em><br \/>\nSono state&nbsp; due esperienze diverse di cui ringraziare Dio.<\/p>\n<p><strong><img loading=\"lazy\" decoding=\"async\" class=\"wp-image-1768 alignright\" src=\"http:\/\/informacristo.org\/ic-new\/wp-content\/uploads\/2017\/07\/P1040682.jpg\" alt=\"\" height=\"202\" width=\"270\" srcset=\"https:\/\/informacristo.org\/ic-new\/wp-content\/uploads\/2017\/07\/P1040682.jpg 4320w, https:\/\/informacristo.org\/ic-new\/wp-content\/uploads\/2017\/07\/P1040682-300x225.jpg 300w, https:\/\/informacristo.org\/ic-new\/wp-content\/uploads\/2017\/07\/P1040682-768x576.jpg 768w, https:\/\/informacristo.org\/ic-new\/wp-content\/uploads\/2017\/07\/P1040682-1024x768.jpg 1024w, https:\/\/informacristo.org\/ic-new\/wp-content\/uploads\/2017\/07\/P1040682-400x300.jpg 400w, https:\/\/informacristo.org\/ic-new\/wp-content\/uploads\/2017\/07\/P1040682-140x105.jpg 140w\" sizes=\"(max-width: 270px) 100vw, 270px\" \/>Novara<\/strong>. La mostra \u00e8 stata presentata nel portico del Palazzo della Provincia e della Prefettura e nella sala del Consiglio. Nonostante il freddo di quel mese ci sono state molte visite e incontri interessanti con persone,&nbsp; anche non credenti, ma sensibili al messaggio e all\u2019informazione sulla figura di&nbsp; Ges\u00f9 e sulla fede delle origini espressa dall\u2019arte dei primi quattro secoli.<\/p>\n<p>L\u2019obiettivo di una seconda mostra a Novara era la partecipazione delle scuole che nella prima mostra non era stato possibile organizzare. E\u2019 stata fatta una pubblicit\u00e0 informativa a tappeto tra tutte le scuole della citt\u00e0,&nbsp; la partecipazione \u00e8 stata positiva.<\/p>\n<p>&nbsp;<\/p>\n<p><strong><img loading=\"lazy\" decoding=\"async\" class=\"wp-image-1763 alignleft\" src=\"http:\/\/informacristo.org\/ic-new\/wp-content\/uploads\/2017\/07\/foto-mostra.jpg\" alt=\"\" height=\"221\" width=\"295\" srcset=\"https:\/\/informacristo.org\/ic-new\/wp-content\/uploads\/2017\/07\/foto-mostra.jpg 4320w, https:\/\/informacristo.org\/ic-new\/wp-content\/uploads\/2017\/07\/foto-mostra-300x225.jpg 300w, https:\/\/informacristo.org\/ic-new\/wp-content\/uploads\/2017\/07\/foto-mostra-768x576.jpg 768w, https:\/\/informacristo.org\/ic-new\/wp-content\/uploads\/2017\/07\/foto-mostra-1024x768.jpg 1024w, https:\/\/informacristo.org\/ic-new\/wp-content\/uploads\/2017\/07\/foto-mostra-400x300.jpg 400w, https:\/\/informacristo.org\/ic-new\/wp-content\/uploads\/2017\/07\/foto-mostra-140x105.jpg 140w\" sizes=\"(max-width: 295px) 100vw, 295px\" \/>Torino S.Bernardino<\/strong>. La mostra \u00e8 stata presentata nel chiostro dei frati francescani minori, molto ospitali e aperti all&#8217;iniziativa. In un ambiente molto favorevole&nbsp; la mostra ha avuto una notevole frequenza, incontri con tutte le categorie sociali e&nbsp; con persone che, nemmeno credenti, tornavano per concludere la visita. Questo ha permesso di approfondire gli argomenti della mostra con gli ospiti intervenuti dandoci la possibilt\u00e0 di distribuire molto materiale informativo.<\/p>\n","protected":false},"excerpt":{"rendered":"<p>Nei mesi di aprile e maggio sono state realizzate due mostre &#8220;Grafie dell&#8217;Anima&#8221; a Novara (per la seconda volta) e a Torino nel Chiostro di S.Bernardino. Sono state&nbsp; due esperienze diverse di cui ringraziare Dio. Novara. La mostra \u00e8 stata presentata nel portico del Palazzo della Provincia e della Prefettura e nella sala del Consiglio. [&hellip;]<\/p>\n","protected":false},"author":1,"featured_media":1765,"comment_status":"closed","ping_status":"closed","sticky":false,"template":"","format":"standard","meta":{"_et_pb_use_builder":"","_et_pb_old_content":"","_et_gb_content_width":"","ngg_post_thumbnail":0,"footnotes":""},"categories":[1],"tags":[],"class_list":["post-1761","post","type-post","status-publish","format-standard","has-post-thumbnail","hentry","category-news"],"_links":{"self":[{"href":"https:\/\/informacristo.org\/ic-new\/wp-json\/wp\/v2\/posts\/1761","targetHints":{"allow":["GET"]}}],"collection":[{"href":"https:\/\/informacristo.org\/ic-new\/wp-json\/wp\/v2\/posts"}],"about":[{"href":"https:\/\/informacristo.org\/ic-new\/wp-json\/wp\/v2\/types\/post"}],"author":[{"embeddable":true,"href":"https:\/\/informacristo.org\/ic-new\/wp-json\/wp\/v2\/users\/1"}],"replies":[{"embeddable":true,"href":"https:\/\/informacristo.org\/ic-new\/wp-json\/wp\/v2\/comments?post=1761"}],"version-history":[{"count":0,"href":"https:\/\/informacristo.org\/ic-new\/wp-json\/wp\/v2\/posts\/1761\/revisions"}],"wp:featuredmedia":[{"embeddable":true,"href":"https:\/\/informacristo.org\/ic-new\/wp-json\/wp\/v2\/media\/1765"}],"wp:attachment":[{"href":"https:\/\/informacristo.org\/ic-new\/wp-json\/wp\/v2\/media?parent=1761"}],"wp:term":[{"taxonomy":"category","embeddable":true,"href":"https:\/\/informacristo.org\/ic-new\/wp-json\/wp\/v2\/categories?post=1761"},{"taxonomy":"post_tag","embeddable":true,"href":"https:\/\/informacristo.org\/ic-new\/wp-json\/wp\/v2\/tags?post=1761"}],"curies":[{"name":"wp","href":"https:\/\/api.w.org\/{rel}","templated":true}]}}