{"id":2340,"date":"2018-10-30T17:08:20","date_gmt":"2018-10-30T17:08:20","guid":{"rendered":"http:\/\/informacristo.org\/site\/?p=2340"},"modified":"2018-12-13T16:52:06","modified_gmt":"2018-12-13T16:52:06","slug":"umanita-di-gesu-e-umanita-di-dio","status":"publish","type":"post","link":"https:\/\/informacristo.org\/ic-new\/umanita-di-gesu-e-umanita-di-dio\/","title":{"rendered":"Umanit\u00e0 di Ges\u00f9 e &#8220;umanit\u00e0\u201d di Dio"},"content":{"rendered":"<p><strong><img loading=\"lazy\" decoding=\"async\" class=\"alignleft size-medium wp-image-2358\" src=\"http:\/\/informacristo.org\/ic-new\/wp-content\/uploads\/2018\/10\/on-Ferretti-Cuneo-2018-300x225.jpg\" alt=\"\" width=\"300\" height=\"225\" srcset=\"https:\/\/informacristo.org\/ic-new\/wp-content\/uploads\/2018\/10\/on-Ferretti-Cuneo-2018-300x225.jpg 300w, https:\/\/informacristo.org\/ic-new\/wp-content\/uploads\/2018\/10\/on-Ferretti-Cuneo-2018-400x300.jpg 400w, https:\/\/informacristo.org\/ic-new\/wp-content\/uploads\/2018\/10\/on-Ferretti-Cuneo-2018-140x105.jpg 140w, https:\/\/informacristo.org\/ic-new\/wp-content\/uploads\/2018\/10\/on-Ferretti-Cuneo-2018.jpg 425w\" sizes=\"(max-width: 300px) 100vw, 300px\" \/>Ascolta la conferenza<\/strong><br \/>\n<!--[if lt IE 9]><script>document.createElement('audio');<\/script><![endif]-->\n<audio class=\"wp-audio-shortcode\" id=\"audio-2340-1\" preload=\"none\" style=\"width: 100%;\" controls=\"controls\"><source type=\"audio\/mpeg\" src=\"http:\/\/informacristo.org\/ic-new\/wp-content\/uploads\/Ferretti-18-ott-2018.mp3?_=1\" \/><a href=\"http:\/\/informacristo.org\/ic-new\/wp-content\/uploads\/Ferretti-18-ott-2018.mp3\">http:\/\/informacristo.org\/ic-new\/wp-content\/uploads\/Ferretti-18-ott-2018.mp3<\/a><\/audio><\/p>\n<p><strong>Gioved\u00ec 18 ottobre 2018 nella sede di InformaCristo di Cuneo<\/strong>, il <strong>prof. don Giovanni Ferretti<\/strong> ha svolto un importante argomento <strong>&#8220;Umanit\u00e0 di Ges\u00f9 e &#8216;umanit\u00e0&#8217; di Dio\u201d. Un contributo per ripensare la fede oggi.<\/strong><br \/>\nI partecipanti si sono dimotrati molto interessati al tema ponendo interrogativi e chiededendo approfondimenti.<br \/>\nRingraziamo ancora il Prof. Ferretti per la cordiale disponobilit\u00e0 e competenza con la quale ha accolto il nostro invito.<\/p>\n<p>&nbsp;<\/p>\n","protected":false},"excerpt":{"rendered":"<p>Ascolta la conferenza http:\/\/informacristo.org\/ic-new\/wp-content\/uploads\/Ferretti-18-ott-2018.mp3 Gioved\u00ec 18 ottobre 2018 nella sede di InformaCristo di Cuneo, il prof. don Giovanni Ferretti ha svolto un importante argomento &#8220;Umanit\u00e0 di Ges\u00f9 e &#8216;umanit\u00e0&#8217; di Dio\u201d. Un contributo per ripensare la fede oggi. I partecipanti si sono dimotrati molto interessati al tema ponendo interrogativi e chiededendo approfondimenti. Ringraziamo ancora il [&hellip;]<\/p>\n","protected":false},"author":4,"featured_media":2358,"comment_status":"open","ping_status":"open","sticky":false,"template":"","format":"standard","meta":{"_et_pb_use_builder":"","_et_pb_old_content":"","_et_gb_content_width":"","ngg_post_thumbnail":0,"footnotes":""},"categories":[1],"tags":[],"class_list":["post-2340","post","type-post","status-publish","format-standard","has-post-thumbnail","hentry","category-news"],"_links":{"self":[{"href":"https:\/\/informacristo.org\/ic-new\/wp-json\/wp\/v2\/posts\/2340","targetHints":{"allow":["GET"]}}],"collection":[{"href":"https:\/\/informacristo.org\/ic-new\/wp-json\/wp\/v2\/posts"}],"about":[{"href":"https:\/\/informacristo.org\/ic-new\/wp-json\/wp\/v2\/types\/post"}],"author":[{"embeddable":true,"href":"https:\/\/informacristo.org\/ic-new\/wp-json\/wp\/v2\/users\/4"}],"replies":[{"embeddable":true,"href":"https:\/\/informacristo.org\/ic-new\/wp-json\/wp\/v2\/comments?post=2340"}],"version-history":[{"count":0,"href":"https:\/\/informacristo.org\/ic-new\/wp-json\/wp\/v2\/posts\/2340\/revisions"}],"wp:featuredmedia":[{"embeddable":true,"href":"https:\/\/informacristo.org\/ic-new\/wp-json\/wp\/v2\/media\/2358"}],"wp:attachment":[{"href":"https:\/\/informacristo.org\/ic-new\/wp-json\/wp\/v2\/media?parent=2340"}],"wp:term":[{"taxonomy":"category","embeddable":true,"href":"https:\/\/informacristo.org\/ic-new\/wp-json\/wp\/v2\/categories?post=2340"},{"taxonomy":"post_tag","embeddable":true,"href":"https:\/\/informacristo.org\/ic-new\/wp-json\/wp\/v2\/tags?post=2340"}],"curies":[{"name":"wp","href":"https:\/\/api.w.org\/{rel}","templated":true}]}}