{"id":2572,"date":"2019-10-22T08:24:06","date_gmt":"2019-10-22T08:24:06","guid":{"rendered":"http:\/\/informacristo.org\/site\/?p=2572"},"modified":"2019-10-22T08:55:13","modified_gmt":"2019-10-22T08:55:13","slug":"la-preghiera-un-cammino-di-felicita","status":"publish","type":"post","link":"https:\/\/informacristo.org\/ic-new\/la-preghiera-un-cammino-di-felicita\/","title":{"rendered":"LA PREGHIERA: UN CAMMINO DI FELICITA&#8217;"},"content":{"rendered":"<p><img loading=\"lazy\" decoding=\"async\" class=\"size-medium wp-image-2573\" src=\"http:\/\/informacristo.org\/ic-new\/wp-content\/uploads\/2019\/10\/web-Incontri-2019-20-213x300.jpg\" alt=\"\" height=\"300\" width=\"213\" srcset=\"https:\/\/informacristo.org\/ic-new\/wp-content\/uploads\/2019\/10\/web-Incontri-2019-20-213x300.jpg 213w, https:\/\/informacristo.org\/ic-new\/wp-content\/uploads\/2019\/10\/web-Incontri-2019-20-768x1084.jpg 768w, https:\/\/informacristo.org\/ic-new\/wp-content\/uploads\/2019\/10\/web-Incontri-2019-20-725x1024.jpg 725w, https:\/\/informacristo.org\/ic-new\/wp-content\/uploads\/2019\/10\/web-Incontri-2019-20-400x565.jpg 400w, https:\/\/informacristo.org\/ic-new\/wp-content\/uploads\/2019\/10\/web-Incontri-2019-20-140x198.jpg 140w, https:\/\/informacristo.org\/ic-new\/wp-content\/uploads\/2019\/10\/web-Incontri-2019-20-300x423.jpg 300w, https:\/\/informacristo.org\/ic-new\/wp-content\/uploads\/2019\/10\/web-Incontri-2019-20.jpg 945w\" sizes=\"(max-width: 213px) 100vw, 213px\" \/><\/p>\n<p>\u00abC\u2019\u00e8 chi, stordito dalle continue novit\u00e0 e<br \/>\ndalla precariet\u00e0 di ogni sapere umano,<br \/>\nchiede con insistenza alla meditazione<br \/>\nuna risposta capace di dare senso e<br \/>\norientamento alla propria vita e<br \/>\nal proprio agire\u00bb. (Andrea Schn\u00f6ller)<\/p>\n","protected":false},"excerpt":{"rendered":"<p>\u00abC\u2019\u00e8 chi, stordito dalle continue novit\u00e0 e dalla precariet\u00e0 di ogni sapere umano, chiede con insistenza alla meditazione una risposta capace di dare senso e orientamento alla propria vita e al proprio agire\u00bb. (Andrea Schn\u00f6ller)<\/p>\n","protected":false},"author":4,"featured_media":2573,"comment_status":"open","ping_status":"open","sticky":false,"template":"","format":"standard","meta":{"_et_pb_use_builder":"","_et_pb_old_content":"","_et_gb_content_width":"","ngg_post_thumbnail":0,"footnotes":""},"categories":[1],"tags":[],"class_list":["post-2572","post","type-post","status-publish","format-standard","has-post-thumbnail","hentry","category-news"],"_links":{"self":[{"href":"https:\/\/informacristo.org\/ic-new\/wp-json\/wp\/v2\/posts\/2572","targetHints":{"allow":["GET"]}}],"collection":[{"href":"https:\/\/informacristo.org\/ic-new\/wp-json\/wp\/v2\/posts"}],"about":[{"href":"https:\/\/informacristo.org\/ic-new\/wp-json\/wp\/v2\/types\/post"}],"author":[{"embeddable":true,"href":"https:\/\/informacristo.org\/ic-new\/wp-json\/wp\/v2\/users\/4"}],"replies":[{"embeddable":true,"href":"https:\/\/informacristo.org\/ic-new\/wp-json\/wp\/v2\/comments?post=2572"}],"version-history":[{"count":0,"href":"https:\/\/informacristo.org\/ic-new\/wp-json\/wp\/v2\/posts\/2572\/revisions"}],"wp:featuredmedia":[{"embeddable":true,"href":"https:\/\/informacristo.org\/ic-new\/wp-json\/wp\/v2\/media\/2573"}],"wp:attachment":[{"href":"https:\/\/informacristo.org\/ic-new\/wp-json\/wp\/v2\/media?parent=2572"}],"wp:term":[{"taxonomy":"category","embeddable":true,"href":"https:\/\/informacristo.org\/ic-new\/wp-json\/wp\/v2\/categories?post=2572"},{"taxonomy":"post_tag","embeddable":true,"href":"https:\/\/informacristo.org\/ic-new\/wp-json\/wp\/v2\/tags?post=2572"}],"curies":[{"name":"wp","href":"https:\/\/api.w.org\/{rel}","templated":true}]}}