{"id":3381,"date":"2023-10-12T18:35:20","date_gmt":"2023-10-12T18:35:20","guid":{"rendered":"http:\/\/informacristo.org\/site\/?p=3381"},"modified":"2024-04-11T10:42:10","modified_gmt":"2024-04-11T10:42:10","slug":"3381-2","status":"publish","type":"post","link":"https:\/\/informacristo.org\/ic-new\/3381-2\/","title":{"rendered":"Nutriamoci di Bellezza"},"content":{"rendered":"<div><img loading=\"lazy\" decoding=\"async\" class=\"alignleft wp-image-3353\" src=\"http:\/\/informacristo.org\/ic-new\/wp-content\/uploads\/2023\/10\/bellezza.jpg\" alt=\"\" width=\"263\" height=\"379\" srcset=\"https:\/\/informacristo.org\/ic-new\/wp-content\/uploads\/2023\/10\/bellezza.jpg 333w, https:\/\/informacristo.org\/ic-new\/wp-content\/uploads\/2023\/10\/bellezza-209x300.jpg 209w, https:\/\/informacristo.org\/ic-new\/wp-content\/uploads\/2023\/10\/bellezza-140x201.jpg 140w, https:\/\/informacristo.org\/ic-new\/wp-content\/uploads\/2023\/10\/bellezza-300x432.jpg 300w\" sizes=\"(max-width: 263px) 100vw, 263px\" \/><\/div>\n<div><em><em>Quale Bellezza salver\u00e0 il mondo? Forse vi state chiedendo cosa c\u2019entra questa domanda, immersi come siamo ogni giorno di pi\u00f9 in guerre, catastrofi, uccisioni\u2026 e tanti altri mali di cui siamo capaci noi esseri umani? Che senso ha, evocare la bellezza per salvare questo mondo?<br \/>\nEppure se ci pensiamo bene, scopriamo che la domanda \u00e8 pertinente, anzi necessaria. Perch\u00e9 \u00e8 la bruttezza, la malvagit\u00e0 del male che noi sappiamo provocare, a chiamare in causa la bellezza, ossia il bene, la bont\u00e0\u2026<\/em><\/em><\/div>\n<div>&nbsp;<\/div>\n<div>Ha ragione il filosofo Vito Mancuso quando scrive:<\/div>\n<div>&nbsp;<\/div>\n<div>\u00abIo non so se la bellezza salvera\u0300 il mondo. Sono pero\u0300 sicuro che puo\u0300 salvare quel<br \/>\npiccolo pezzo di mondo che e\u0300 ognuno di noi. Nutrendosi di bellezza, il nostro io a poco a poco si libera dalle sue ristrettezze e dalla volonta\u0300 appropriativa, nonche\u0301 dalle sue<br \/>\npaure e dalle sue ansie, si libera insomma da tutto quel magma incandescente e a volte marcescente il cui insieme denominiamo ego, spesso all\u2019origine del cosiddetto male di vivere e di tanta sofferenza\u201d\u00bb.<\/p>\n<div>&nbsp;<\/div>\n<div>E ancora:<\/div>\n<div>&nbsp;<\/div>\n<div>\n<p>\u00abEducarci alla bellezza significa salvarci, trarci fuori dal gorgo della bruttezza e dell\u2019inautenticit\u00e0 quotidiana. Quando Simone Weil s\u2019interrogava sul perch\u00e9 siamo al mondo, si rispondeva:siamo qui per fare esperienza di bellezza. Io ne darei una definizione operativa: l\u2019uomo \u00e8 un essere capace di migliorare. L\u2019uomo pu\u00f2 essere qualcosa di straordinario\u00bb.<em>Vito Mancuso<\/em><\/p>\n<p>___________________<\/p>\n<\/div>\n<div>&nbsp;<\/div>\n<div><strong>Per approfondire:<\/strong><\/div>\n<div><a href=\"http:\/\/informacristo.org\/ic-new\/wp-content\/uploads\/2023\/10\/QUALE-BELLEZZA-.docx\">\u2022 Quale Bellezza salvera il Mondo<\/a><br \/>\n<a href=\"http:\/\/informacristo.org\/ic-new\/wp-content\/uploads\/2023\/10\/Specchio-delle-mie-brame.docx\">\u2022 Specchio delle mie brame<\/a><br \/>\n<a href=\"http:\/\/informacristo.org\/ic-new\/wp-content\/uploads\/2023\/10\/Bellezza-G.-Ravasi.docx\">\u2022 Bellezza G. Ravasi<\/a><\/div>\n<\/div>\n","protected":false},"excerpt":{"rendered":"<p>Quale Bellezza salver\u00e0 il mondo? Forse vi state chiedendo cosa c\u2019entra questa domanda, immersi come siamo ogni giorno di pi\u00f9 in guerre, catastrofi, uccisioni\u2026 e tanti altri mali di cui siamo capaci noi esseri umani? Che senso ha, evocare la bellezza per salvare questo mondo? Eppure se ci pensiamo bene, scopriamo che la domanda \u00e8 [&hellip;]<\/p>\n","protected":false},"author":4,"featured_media":3353,"comment_status":"open","ping_status":"open","sticky":false,"template":"","format":"standard","meta":{"_et_pb_use_builder":"","_et_pb_old_content":"","_et_gb_content_width":"","ngg_post_thumbnail":0,"footnotes":""},"categories":[1],"tags":[],"class_list":["post-3381","post","type-post","status-publish","format-standard","has-post-thumbnail","hentry","category-news"],"_links":{"self":[{"href":"https:\/\/informacristo.org\/ic-new\/wp-json\/wp\/v2\/posts\/3381","targetHints":{"allow":["GET"]}}],"collection":[{"href":"https:\/\/informacristo.org\/ic-new\/wp-json\/wp\/v2\/posts"}],"about":[{"href":"https:\/\/informacristo.org\/ic-new\/wp-json\/wp\/v2\/types\/post"}],"author":[{"embeddable":true,"href":"https:\/\/informacristo.org\/ic-new\/wp-json\/wp\/v2\/users\/4"}],"replies":[{"embeddable":true,"href":"https:\/\/informacristo.org\/ic-new\/wp-json\/wp\/v2\/comments?post=3381"}],"version-history":[{"count":0,"href":"https:\/\/informacristo.org\/ic-new\/wp-json\/wp\/v2\/posts\/3381\/revisions"}],"wp:featuredmedia":[{"embeddable":true,"href":"https:\/\/informacristo.org\/ic-new\/wp-json\/wp\/v2\/media\/3353"}],"wp:attachment":[{"href":"https:\/\/informacristo.org\/ic-new\/wp-json\/wp\/v2\/media?parent=3381"}],"wp:term":[{"taxonomy":"category","embeddable":true,"href":"https:\/\/informacristo.org\/ic-new\/wp-json\/wp\/v2\/categories?post=3381"},{"taxonomy":"post_tag","embeddable":true,"href":"https:\/\/informacristo.org\/ic-new\/wp-json\/wp\/v2\/tags?post=3381"}],"curies":[{"name":"wp","href":"https:\/\/api.w.org\/{rel}","templated":true}]}}